{"id":217,"date":"2022-12-15T21:22:35","date_gmt":"2022-12-16T00:22:35","guid":{"rendered":"https:\/\/www.jrqmaster.com.br\/blog\/?p=217"},"modified":"2023-03-10T21:27:38","modified_gmt":"2023-03-11T00:27:38","slug":"onde-o-medico-do-trabalho-pode-e-nao-pode-atuar","status":"publish","type":"post","link":"https:\/\/www.jrqmaster.com.br\/blog\/onde-o-medico-do-trabalho-pode-e-nao-pode-atuar\/","title":{"rendered":"Onde o M\u00e9dico do Trabalho Pode e n\u00e3o Pode Atuar?"},"content":{"rendered":"<p><span style=\"font-weight: 400; color: #000000;\">T\u00e3o importante para certificar e garantir a sa\u00fade e seguran\u00e7a do Trabalhador, os m\u00e9dicos da empresa t\u00eam um papel fundamental no desempenho da empresa.<\/span><\/p>\n<p><span style=\"font-weight: 400; color: #000000;\">Seja dentro de uma organiza\u00e7\u00e3o ou em uma cl\u00ednica de sa\u00fade ocupacional, a principal tarefa desse profissional \u00e9 manter a qualidade de vida dos colaboradores.<\/span><\/p>\n<div id=\"ez-toc-container\" class=\"ez-toc-v2_0_40 counter-hierarchy ez-toc-counter ez-toc-grey ez-toc-container-direction\">\n<div class=\"ez-toc-title-container\">\n<p class=\"ez-toc-title\">Indice de Navega&ccedil;&atilde;o<\/p>\n<span class=\"ez-toc-title-toggle\"><a href=\"#\" class=\"ez-toc-pull-right ez-toc-btn ez-toc-btn-xs ez-toc-btn-default ez-toc-toggle\" area-label=\"ez-toc-toggle-icon-1\"><label for=\"item-69f0aae0b934e\" aria-label=\"Table of Content\"><span style=\"display: flex;align-items: center;width: 35px;height: 30px;justify-content: center;direction:ltr;\"><svg style=\"fill: #999;color:#999\" xmlns=\"http:\/\/www.w3.org\/2000\/svg\" class=\"list-377408\" width=\"20px\" height=\"20px\" viewBox=\"0 0 24 24\" fill=\"none\"><path d=\"M6 6H4v2h2V6zm14 0H8v2h12V6zM4 11h2v2H4v-2zm16 0H8v2h12v-2zM4 16h2v2H4v-2zm16 0H8v2h12v-2z\" fill=\"currentColor\"><\/path><\/svg><svg style=\"fill: #999;color:#999\" class=\"arrow-unsorted-368013\" xmlns=\"http:\/\/www.w3.org\/2000\/svg\" width=\"10px\" height=\"10px\" viewBox=\"0 0 24 24\" version=\"1.2\" baseProfile=\"tiny\"><path d=\"M18.2 9.3l-6.2-6.3-6.2 6.3c-.2.2-.3.4-.3.7s.1.5.3.7c.2.2.4.3.7.3h11c.3 0 .5-.1.7-.3.2-.2.3-.5.3-.7s-.1-.5-.3-.7zM5.8 14.7l6.2 6.3 6.2-6.3c.2-.2.3-.5.3-.7s-.1-.5-.3-.7c-.2-.2-.4-.3-.7-.3h-11c-.3 0-.5.1-.7.3-.2.2-.3.5-.3.7s.1.5.3.7z\"\/><\/svg><\/span><\/label><input  type=\"checkbox\" id=\"item-69f0aae0b934e\"><\/a><\/span><\/div>\n<nav><ul class='ez-toc-list ez-toc-list-level-1 ' ><ul class='ez-toc-list-level-2'><li class='ez-toc-heading-level-2'><a class=\"ez-toc-link ez-toc-heading-1\" href=\"https:\/\/www.jrqmaster.com.br\/blog\/onde-o-medico-do-trabalho-pode-e-nao-pode-atuar\/#Quem_e_o_medico_da_empresa\" title=\"Quem \u00e9 o m\u00e9dico da empresa?\">Quem \u00e9 o m\u00e9dico da empresa?<\/a><\/li><li class='ez-toc-page-1 ez-toc-heading-level-2'><a class=\"ez-toc-link ez-toc-heading-2\" href=\"https:\/\/www.jrqmaster.com.br\/blog\/onde-o-medico-do-trabalho-pode-e-nao-pode-atuar\/#Qual_e_o_seu_papel\" title=\"Qual \u00e9 o seu papel\">Qual \u00e9 o seu papel<\/a><\/li><li class='ez-toc-page-1 ez-toc-heading-level-2'><a class=\"ez-toc-link ez-toc-heading-3\" href=\"https:\/\/www.jrqmaster.com.br\/blog\/onde-o-medico-do-trabalho-pode-e-nao-pode-atuar\/#Qual_e_o_papel_do_medico_da_empresa\" title=\"Qual \u00e9 o papel do m\u00e9dico da empresa?\">Qual \u00e9 o papel do m\u00e9dico da empresa?<\/a><\/li><li class='ez-toc-page-1 ez-toc-heading-level-2'><a class=\"ez-toc-link ez-toc-heading-4\" href=\"https:\/\/www.jrqmaster.com.br\/blog\/onde-o-medico-do-trabalho-pode-e-nao-pode-atuar\/#Qual_a_importancia_do_medico_da_empresa_para_a_empresa\" title=\"Qual a import\u00e2ncia do m\u00e9dico da empresa para a empresa?\">Qual a import\u00e2ncia do m\u00e9dico da empresa para a empresa?<\/a><\/li><li class='ez-toc-page-1 ez-toc-heading-level-2'><a class=\"ez-toc-link ez-toc-heading-5\" href=\"https:\/\/www.jrqmaster.com.br\/blog\/onde-o-medico-do-trabalho-pode-e-nao-pode-atuar\/#Entendendo\" title=\"Entendendo\">Entendendo<\/a><\/li><\/ul><\/li><li class='ez-toc-page-1 ez-toc-heading-level-1'><a class=\"ez-toc-link ez-toc-heading-6\" href=\"https:\/\/www.jrqmaster.com.br\/blog\/onde-o-medico-do-trabalho-pode-e-nao-pode-atuar\/#O_que_faz_um_medico_profissional\" title=\"O que faz um m\u00e9dico profissional?\">O que faz um m\u00e9dico profissional?<\/a><\/li><\/ul><\/nav><\/div>\n<h2><span class=\"ez-toc-section\" id=\"Quem_e_o_medico_da_empresa\"><\/span><span style=\"color: #000000;\"><b>Quem \u00e9 o m\u00e9dico da empresa?<\/b><\/span><span class=\"ez-toc-section-end\"><\/span><\/h2>\n<p><span style=\"font-weight: 400; color: #000000;\">Profissionais de sa\u00fade ocupacional s\u00e3o profissionais com forma\u00e7\u00e3o m\u00e9dica que se especializam em medicina do trabalho e realizam treinamento de resid\u00eancia com foco na sa\u00fade do trabalhador ou condi\u00e7\u00f5es relacionadas.<\/span><\/p>\n<p><span style=\"font-weight: 400; color: #000000;\">Para se tornar um profissional de sa\u00fade ocupacional, \u00e9 necess\u00e1rio ser credenciado pelo Conselho Nacional de Resid\u00eancia do Minist\u00e9rio da Educa\u00e7\u00e3o, que possui legisla\u00e7\u00e3o pr\u00f3pria desde 1960, e a Associa\u00e7\u00e3o Nacional de Medicina do Trabalho (ANAMT) existe desde 1968.<\/span><\/p>\n<p><span style=\"font-weight: 400; color: #000000;\">A Resolu\u00e7\u00e3o n\u00ba 1.488, de 1998, estabelece diretrizes para os procedimentos que os m\u00e9dicos podem realizar nos trabalhadores.<\/span><\/p>\n<p><img fetchpriority=\"high\" decoding=\"async\" class=\"aligncenter wp-image-218 size-full\" src=\"https:\/\/www.jrqmaster.com.br\/blog\/wp-content\/uploads\/2023\/03\/medico-do-trabalho.jpg\" alt=\"m\u00e9dico do trabalho\" width=\"2000\" height=\"1380\" srcset=\"https:\/\/www.jrqmaster.com.br\/blog\/wp-content\/uploads\/2023\/03\/medico-do-trabalho.jpg 2000w, https:\/\/www.jrqmaster.com.br\/blog\/wp-content\/uploads\/2023\/03\/medico-do-trabalho-300x207.jpg 300w, https:\/\/www.jrqmaster.com.br\/blog\/wp-content\/uploads\/2023\/03\/medico-do-trabalho-1024x707.jpg 1024w, https:\/\/www.jrqmaster.com.br\/blog\/wp-content\/uploads\/2023\/03\/medico-do-trabalho-768x530.jpg 768w, https:\/\/www.jrqmaster.com.br\/blog\/wp-content\/uploads\/2023\/03\/medico-do-trabalho-1536x1060.jpg 1536w\" sizes=\"(max-width: 2000px) 100vw, 2000px\" \/><\/p>\n<p><span style=\"font-weight: 400; color: #000000;\">Os pr\u00f3prios m\u00e9dicos da empresa foram reconhecidos como m\u00e9dicos profissionais em 2003 pela Resolu\u00e7\u00e3o n\u00ba 1.634 da Comiss\u00e3o Mista composta pelo Conselho Federal de Medicina (CFM), Associa\u00e7\u00e3o M\u00e9dica Brasileira (AMB) e Conselho Nacional de Resid\u00eancias (CNRM).<\/span><\/p>\n<p><span style=\"font-weight: 400; color: #000000;\">Esta especializa\u00e7\u00e3o m\u00e9dica foca-se nas patologias relacionadas com o ambiente de trabalho e atividades, garantindo a melhoria cont\u00ednua do ambiente social e laboral.<\/span><\/p>\n<p><span style=\"font-weight: 400; color: #000000;\">Al\u00e9m disso, \u00e9 necess\u00e1rio algum conhecimento da profiss\u00e3o, como: terminologia jur\u00eddica, gest\u00e3o, toxicologia, ergonomia, higiene industrial, etc.<\/span><\/p>\n<h2><span class=\"ez-toc-section\" id=\"Qual_e_o_seu_papel\"><\/span><span style=\"color: #000000;\"><b>Qual \u00e9 o seu papel<\/b><\/span><span class=\"ez-toc-section-end\"><\/span><\/h2>\n<p><span style=\"font-weight: 400; color: #000000;\">Os m\u00e9dicos do trabalho podem trabalhar para empresas de qualquer porte, bem como trabalhar para elas como aut\u00f4nomos ou em cl\u00ednicas de medicina do trabalho. Sua fun\u00e7\u00e3o \u00e9 sempre focar nos trabalhadores e mediar suas rela\u00e7\u00f5es saud\u00e1veis de acordo com as necessidades do empres\u00e1rio.<\/span><\/p>\n<p><span style=\"font-weight: 400; color: #000000;\">Esse profissional tamb\u00e9m cuida do bem-estar e da qualidade de vida dos colaboradores, prevenindo acidentes e doen\u00e7as ocupacionais. Tamb\u00e9m \u00e9 diagnosticado e documentado na integra\u00e7\u00e3o do funcion\u00e1rio e por meio de inspe\u00e7\u00f5es regulares enquanto o funcion\u00e1rio est\u00e1 na empresa.<\/span><\/p>\n<p><span style=\"font-weight: 400; color: #000000;\">O m\u00e9dico da empresa tamb\u00e9m pode realizar cursos ou treinamentos na \u00e1rea de sa\u00fade para funcion\u00e1rios da empresa e demais funcion\u00e1rios.<\/span><\/p>\n<p><span style=\"font-weight: 400; color: #000000;\">Al\u00e9m disso, devem trabalhar de forma interdisciplinar com outros grupos <a href=\"https:\/\/www.jrqmaster.com.br\/blog\/normas-regulamentadoras-quais-sao-os-tipos-e-normas-de-cada-uma\/\">profissionais<\/a>, como fisioterapeutas, engenheiros de seguran\u00e7a, psic\u00f3logos, etc.<\/span><\/p>\n<h2><span class=\"ez-toc-section\" id=\"Qual_e_o_papel_do_medico_da_empresa\"><\/span><span style=\"color: #000000;\"><b>Qual \u00e9 o papel do m\u00e9dico da empresa?<\/b><\/span><span class=\"ez-toc-section-end\"><\/span><\/h2>\n<p><span style=\"font-weight: 400; color: #000000;\">Os m\u00e9dicos da empresa t\u00eam muitas responsabilidades, como:<\/span><\/p>\n<ul>\n<li><span style=\"font-weight: 400; color: #000000;\"> Classificar as pessoas com defici\u00eancia como pessoas com defici\u00eancia para fins de emprego;<\/span><\/li>\n<li><span style=\"font-weight: 400; color: #000000;\"> Proporcionar reabilita\u00e7\u00e3o f\u00edsica e ocupacional atrav\u00e9s do diagn\u00f3stico e notifica\u00e7\u00e3o de doen\u00e7as e acidentes de trabalho;<\/span><\/li>\n<li><span style=\"font-weight: 400; color: #000000;\"> Desenvolvimento, implanta\u00e7\u00e3o e gest\u00e3o de planos de controle de sa\u00fade ocupacional, PCMSOs e seus relat\u00f3rios anuais;<\/span><\/li>\n<li><span style=\"font-weight: 400; color: #000000;\"> Elabora\u00e7\u00e3o de relat\u00f3rios de atividades de sa\u00fade ocupacional;<\/span><\/li>\n<li><span style=\"font-weight: 400; color: #000000;\"> Acompanhamento de funcion\u00e1rios e gestores da empresa por meio de triagem peri\u00f3dica para avalia\u00e7\u00e3o de portadores ou suspeitos de doen\u00e7a ocupacional para poss\u00edvel encaminhamento ao INSS;<\/span><\/li>\n<li><span style=\"font-weight: 400; color: #000000;\"> Fornecer informa\u00e7\u00f5es sobre triagem de funcion\u00e1rios ao departamento de recursos humanos da empresa;<\/span><\/li>\n<li><span style=\"font-weight: 400; color: #000000;\"> Implementar medidas de reabilita\u00e7\u00e3o para trabalhadores que dependem de qualquer forma de produtos qu\u00edmicos;<\/span><\/li>\n<li><span style=\"font-weight: 400; color: #000000;\"> Identificar e limitar o uso de equipamentos de prote\u00e7\u00e3o individual, EPI (se necess\u00e1rio);<\/span><\/li>\n<li><span style=\"font-weight: 400; color: #000000;\"> Examinar o ambiente de trabalho e identificar fatores de risco;<\/span><\/li>\n<li><span style=\"font-weight: 400; color: #000000;\"> Interpretar e seguir normas e regulamentos e cumprir com os \u00f3rg\u00e3os governamentais;<\/span><\/li>\n<li><span style=\"font-weight: 400; color: #000000;\"> Campanhas de vacina\u00e7\u00e3o, campanhas antitabagismo, etc.;<\/span><\/li>\n<li><span style=\"font-weight: 400; color: #000000;\"> O processo de realiza\u00e7\u00e3o e acompanhamento de inspe\u00e7\u00f5es de sa\u00fade ocupacional, emiss\u00e3o de atestados de sa\u00fade ocupacional, ASOs;<\/span><\/li>\n<\/ul>\n<h2><span class=\"ez-toc-section\" id=\"Qual_a_importancia_do_medico_da_empresa_para_a_empresa\"><\/span><span style=\"color: #000000;\"><b>Qual a import\u00e2ncia do m\u00e9dico da empresa para a empresa?<\/b><\/span><span class=\"ez-toc-section-end\"><\/span><\/h2>\n<p><span style=\"font-weight: 400; color: #000000;\">Al\u00e9m de fazer valer as quest\u00f5es trabalhistas necess\u00e1rias ao bom funcionamento da empresa, o m\u00e9dico da empresa tamb\u00e9m pode fazer diversas outras contribui\u00e7\u00f5es, como:<\/span><\/p>\n<ul>\n<li><span style=\"font-weight: 400; color: #000000;\"> Desenvolver uma cultura de contribui\u00e7\u00e3o para a sa\u00fade e seguran\u00e7a promovendo valores dentro da empresa;<\/span><\/li>\n<li><span style=\"font-weight: 400; color: #000000;\"> Manter controle m\u00e9dico sobre a sa\u00fade dos funcion\u00e1rios;<\/span><\/li>\n<li><span style=\"font-weight: 400; color: #000000;\"> Criar um ambiente de trabalho saud\u00e1vel;<\/span><\/li>\n<li><span style=\"font-weight: 400; color: #000000;\"> Criar um clima social positivo e, em \u00faltima an\u00e1lise, aumentar a produtividade;<\/span><\/li>\n<li><span style=\"font-weight: 400; color: #000000;\"> Reduzir os custos financeiros associados a acidentes, absentismo ou doen\u00e7as profissionais.<\/span><\/li>\n<\/ul>\n<h2><span class=\"ez-toc-section\" id=\"Entendendo\"><\/span><span style=\"color: #000000;\"><b>Entendendo<\/b><\/span><span class=\"ez-toc-section-end\"><\/span><\/h2>\n<p><span style=\"font-weight: 400; color: #000000;\">Se voc\u00ea tem interesse em saber o que \u00e9 medicina do trabalho, saiba que essa \u00e1rea tamb\u00e9m se refere \u00e0 sa\u00fade f\u00edsica e mental dos trabalhadores das empresas e do setor p\u00fablico.<\/span><\/p>\n<p><img decoding=\"async\" class=\"aligncenter wp-image-219 size-full\" src=\"https:\/\/www.jrqmaster.com.br\/blog\/wp-content\/uploads\/2023\/03\/medico-do-trabalho-2.jpg\" alt=\"m\u00e9dico do trabalho\" width=\"1200\" height=\"675\" srcset=\"https:\/\/www.jrqmaster.com.br\/blog\/wp-content\/uploads\/2023\/03\/medico-do-trabalho-2.jpg 1200w, https:\/\/www.jrqmaster.com.br\/blog\/wp-content\/uploads\/2023\/03\/medico-do-trabalho-2-300x169.jpg 300w, https:\/\/www.jrqmaster.com.br\/blog\/wp-content\/uploads\/2023\/03\/medico-do-trabalho-2-1024x576.jpg 1024w, https:\/\/www.jrqmaster.com.br\/blog\/wp-content\/uploads\/2023\/03\/medico-do-trabalho-2-768x432.jpg 768w\" sizes=\"(max-width: 1200px) 100vw, 1200px\" \/><\/p>\n<p><span style=\"font-weight: 400; color: #000000;\">Isso ocorre principalmente em instala\u00e7\u00f5es onde os funcion\u00e1rios correm riscos ao realizar suas atividades cotidianas, tais como: Em f\u00e1bricas e pr\u00e9dios onde m\u00e1quinas pesadas devem ser movimentadas. Por exemplo, um profissional de sa\u00fade ocupacional pode indicar a melhor forma de se proteger e quais equipamentos ele deve usar para mant\u00ea-lo seguro.<\/span><\/p>\n<p><span style=\"font-weight: 400; color: #000000;\">Para entender a finalidade da <a href=\"https:\/\/pt.wikipedia.org\/wiki\/M%C3%A9dico_do_trabalho\">medicina do trabalho<\/a>, pense em como garantir o bem-estar dos funcion\u00e1rios que trabalham nas empresas brasileiras, desde ajudar na preven\u00e7\u00e3o de acidentes e doen\u00e7as at\u00e9 auxiliar no momento em que um trabalhador precisa de tratamento m\u00e9dico para situa\u00e7\u00f5es reais.<\/span><\/p>\n<p><span style=\"font-weight: 400; color: #000000;\">Cada vez mais as empresas est\u00e3o reconhecendo a import\u00e2ncia da medicina ocupacional, pois garantir a sa\u00fade e o bem-estar dos funcion\u00e1rios aumenta a produtividade e aumenta a satisfa\u00e7\u00e3o dos funcion\u00e1rios. Atualmente, \u00e9 um dos cursos mais procurados pelos estudantes de medicina.<\/span><\/p>\n<h1><span class=\"ez-toc-section\" id=\"O_que_faz_um_medico_profissional\"><\/span><span style=\"color: #000000;\"><b>O que faz um m\u00e9dico profissional?<\/b><\/span><span class=\"ez-toc-section-end\"><\/span><\/h1>\n<p><span style=\"font-weight: 400; color: #000000;\">A principal tarefa de um m\u00e9dico de empresa \u00e9 promover a sa\u00fade dos colaboradores no ambiente de trabalho, essa fun\u00e7\u00e3o inclui diversas atividades no cotidiano profissional, como n\u00e3o colocar em risco a sa\u00fade de todos.<\/span><\/p>\n<p><span style=\"font-weight: 400; color: #000000;\">Al\u00e9m disso, o profissional pode solicitar exames e diagn\u00f3sticos, prestar assist\u00eancia m\u00e9dica, acompanhar o paciente no tratamento necess\u00e1rio, ou instruir outros profissionais sobre os meios para garantir um ambiente seguro para todos, o Plano de Controle M\u00e9dico de Sa\u00fade (PCMSO) e outras atividades de sa\u00fade ocupacional. E medida de seguran\u00e7a.<\/span><\/p>\n<p><span style=\"font-weight: 400; color: #000000;\">Profissionais de sa\u00fade ocupacional ajudam a melhorar a postura dos funcion\u00e1rios, ensinando alongamentos e atividades similares e fornecendo dicas sobre h\u00e1bitos e estilos de vida mais saud\u00e1veis.<\/span><\/p>\n<p><span style=\"font-weight: 400; color: #000000;\">A aplica\u00e7\u00e3o da profiss\u00e3o tamb\u00e9m pode ser observada em cl\u00ednicas de sa\u00fade ocupacional, onde os exames de admiss\u00e3o e alta s\u00e3o administrados por profissionais de outras empresas, e \u00e9 elaborado o Atestado de Sa\u00fade Ocupacional (ASO), documento que atesta que o profissional que o institui pode trabalhar.<\/span><\/p>\n<p><span style=\"font-weight: 400; color: #000000;\">Os profissionais de sa\u00fade ocupacional devem estar sempre atentos ao ambiente da empresa e ao estado f\u00edsico e mental de seus funcion\u00e1rios. Por meio dessa observa\u00e7\u00e3o, ele pode prevenir acidentes, melhorar as condi\u00e7\u00f5es gerais de trabalho, ajudar no tratamento de doen\u00e7as cr\u00f4nicas e comunicar uma experi\u00eancia saud\u00e1vel.<\/span><\/p>\n<p><span style=\"font-weight: 400; color: #000000;\">Sabia que a <a href=\"https:\/\/www.jrqmaster.com.br\/\">JRQ Master<\/a> j\u00e1 est\u00e1 integrada ao e-Social? Temos plataformas automatizadas, que cuidam da integra\u00e7\u00e3o, facilitando o processo, trazendo economia de tempo e excel\u00eancia a sua empresa.<\/span><\/p>\n<p><span style=\"color: #000000;\"><span style=\"font-weight: 400;\">Entre em contato com nossos consultores e conhe\u00e7a como podemos te ajudar. Basta <\/span><a style=\"color: #000000;\" href=\"https:\/\/api.whatsapp.com\/send\/?phone=5522988155554&amp;text=Mais+Informa%C3%A7%C3%B5es&amp;type=phone_number&amp;app_absent=0\"><span style=\"font-weight: 400;\">clicar aqui<\/span><\/a><span style=\"font-weight: 400;\">.<\/span><\/span><\/p>\n<p>&nbsp;<\/p>\n","protected":false},"excerpt":{"rendered":"<p>T\u00e3o importante para certificar e garantir a sa\u00fade e seguran\u00e7a do Trabalhador, os m\u00e9dicos da empresa t\u00eam um papel fundamental no desempenho da empresa. Seja dentro de uma organiza\u00e7\u00e3o ou em uma cl\u00ednica de sa\u00fade ocupacional, a principal tarefa desse profissional \u00e9 manter a qualidade de vida dos colaboradores. Quem \u00e9 o m\u00e9dico da empresa? [&hellip;]<\/p>\n","protected":false},"author":1,"featured_media":220,"comment_status":"open","ping_status":"open","sticky":false,"template":"","format":"standard","meta":{"footnotes":""},"categories":[3],"tags":[],"class_list":["post-217","post","type-post","status-publish","format-standard","has-post-thumbnail","hentry","category-seguranca-do-trabalho"],"_links":{"self":[{"href":"https:\/\/www.jrqmaster.com.br\/blog\/wp-json\/wp\/v2\/posts\/217","targetHints":{"allow":["GET"]}}],"collection":[{"href":"https:\/\/www.jrqmaster.com.br\/blog\/wp-json\/wp\/v2\/posts"}],"about":[{"href":"https:\/\/www.jrqmaster.com.br\/blog\/wp-json\/wp\/v2\/types\/post"}],"author":[{"embeddable":true,"href":"https:\/\/www.jrqmaster.com.br\/blog\/wp-json\/wp\/v2\/users\/1"}],"replies":[{"embeddable":true,"href":"https:\/\/www.jrqmaster.com.br\/blog\/wp-json\/wp\/v2\/comments?post=217"}],"version-history":[{"count":1,"href":"https:\/\/www.jrqmaster.com.br\/blog\/wp-json\/wp\/v2\/posts\/217\/revisions"}],"predecessor-version":[{"id":221,"href":"https:\/\/www.jrqmaster.com.br\/blog\/wp-json\/wp\/v2\/posts\/217\/revisions\/221"}],"wp:featuredmedia":[{"embeddable":true,"href":"https:\/\/www.jrqmaster.com.br\/blog\/wp-json\/wp\/v2\/media\/220"}],"wp:attachment":[{"href":"https:\/\/www.jrqmaster.com.br\/blog\/wp-json\/wp\/v2\/media?parent=217"}],"wp:term":[{"taxonomy":"category","embeddable":true,"href":"https:\/\/www.jrqmaster.com.br\/blog\/wp-json\/wp\/v2\/categories?post=217"},{"taxonomy":"post_tag","embeddable":true,"href":"https:\/\/www.jrqmaster.com.br\/blog\/wp-json\/wp\/v2\/tags?post=217"}],"curies":[{"name":"wp","href":"https:\/\/api.w.org\/{rel}","templated":true}]}}